{"id":740,"date":"2024-02-03T13:48:46","date_gmt":"2024-02-03T12:48:46","guid":{"rendered":"https:\/\/preservonsaurons.org\/?p=740"},"modified":"2024-02-04T08:50:33","modified_gmt":"2024-02-04T07:50:33","slug":"zaenr-zones-daccelerations-des-energies-renouvelables","status":"publish","type":"post","link":"https:\/\/preservonsaurons.org\/index.php\/2024\/02\/03\/zaenr-zones-daccelerations-des-energies-renouvelables\/","title":{"rendered":"ZAENR\u00a0(Zones d&#8217;acc\u00e9l\u00e9rations des \u00e9nergies renouvelables)"},"content":{"rendered":"\n<p class=\"has-text-align-center\">Vous avez peut-\u00eatre&nbsp;entendu parler des ZAENR dans les m\u00e9dias ou par une communication de Pr\u00e9servons&nbsp;Aurons.<\/p>\n\n\n<div class=\"wp-block-image\">\n<figure class=\"aligncenter size-full\"><img loading=\"lazy\" decoding=\"async\" width=\"901\" height=\"600\" src=\"http:\/\/preservonsaurons.org\/wp-content\/uploads\/2024\/02\/actu-900x600px.jpg\" alt=\"\" class=\"wp-image-742\" srcset=\"https:\/\/preservonsaurons.org\/wp-content\/uploads\/2024\/02\/actu-900x600px.jpg 901w, https:\/\/preservonsaurons.org\/wp-content\/uploads\/2024\/02\/actu-900x600px-300x200.jpg 300w, https:\/\/preservonsaurons.org\/wp-content\/uploads\/2024\/02\/actu-900x600px-768x511.jpg 768w, https:\/\/preservonsaurons.org\/wp-content\/uploads\/2024\/02\/actu-900x600px-600x400.jpg 600w\" sizes=\"auto, (max-width: 901px) 100vw, 901px\" \/><\/figure>\n<\/div>\n\n\n<h2 class=\"wp-block-heading\"><strong>Les ZAENR&nbsp;(Zones d&#8217;acc\u00e9l\u00e9rations des \u00e9nergies renouvelables) qu&#8217;est ce que c&#8217;est ?<\/strong><\/h2>\n\n\n\n<h3 class=\"wp-block-heading\">M\u00e9thodologie qui pourrait \u00eatre employ\u00e9e sur Aurons pour mesurer l&#8217;opportunit\u00e9 d&#8217;en installer.<\/h3>\n\n\n\n<p>C&#8217;est un projet de d\u00e9ploiement massif des \u00e9nergies renouvelables (\u00c9olien, Photovolta\u00efque, solaire thermique, biomasse, m\u00e9thanisation, chaleur et froid) initi\u00e9 par le gouvernement pour amplifier la lutte contre le r\u00e9chauffement&nbsp;climatique et diminuer la d\u00e9pendance aux \u00e9nergies import\u00e9es.&nbsp;( loi du 10 mars 2023)<\/p>\n\n\n\n<p>Ce projet s&#8217;articule autour de 4 piliers :&nbsp;<\/p>\n\n\n\n<p>1 . Acc\u00e9l\u00e9rations des proc\u00e9dures d&#8217;autorisation des projets d&#8217;ENR au niveau communal<\/p>\n\n\n\n<p>2 . Lib\u00e9rer un potentiel foncier adapt\u00e9 aux projets d&#8217;ENR, d\u00e9j\u00e0 artificialis\u00e9&nbsp;ou ne pr\u00e9sentant pas d&#8217;enjeux environnementaux (exemple : bordure d&#8217;autoroute, parkings, terrains d\u00e9grad\u00e9s ou d\u00e9j\u00e0 industrialis\u00e9s)<\/p>\n\n\n\n<p>3. Acc\u00e9l\u00e9rer le d\u00e9ploiement de l\u2019\u00e9olien en mer&nbsp;<\/p>\n\n\n\n<p>4. Am\u00e9liorer le financement et l\u2019attractivit\u00e9 des projets d\u2019\u00e9nergies renouvelables en partageant la valeur et les b\u00e9n\u00e9fices \u00e9conomiques des installations ENR avec les riverains et les communes d&#8217;installation.<\/p>\n\n\n\n<p>Les communes avaient jusqu&#8217;au 31\/12\/2023 pour faire remonter leur zones aupr\u00e8s de la pr\u00e9fecture mais ce d\u00e9lai a \u00e9t\u00e9 prolong\u00e9.<\/p>\n\n\n\n<p>Plusieurs outils ont \u00e9t\u00e9 mis en place afin d&#8217;aider les \u00e9lus \u00e0 identifier les zones possibles sur les communes pour mettre en place les ENR. Il s&#8217;agit de cartographies permettant une identification des zones possibles, de capacit\u00e9s de production selon le type d&#8217;ENR, et les zones r\u00e9dhibitoires a l&#8217;installation de certaines ENR.<\/p>\n\n\n\n<p><a href=\"https:\/\/macarte.ign.fr\/carte\/1X3jxe\/Carte-EnR-Grand-public\">https:\/\/macarte.ign.fr\/carte\/1X3jxe\/Carte-EnR-Grand-public<\/a><\/p>\n\n\n\n<p>La loi rend aussi obligatoire une concertation avec les habitants sur les types d&#8217;\u00e9nergies renouvelables et les zones qui pourraient \u00eatre identifi\u00e9es.<\/p>\n\n\n\n<h3 class=\"wp-block-heading\"><strong>C&#8217;est cette concertation que Pr\u00e9servons Aurons a&nbsp;r\u00e9ussi \u00e0 obtenir&nbsp;en extr\u00eame&nbsp;limite !<\/strong><\/h3>\n\n\n\n<p>Toutefois&nbsp;pour qu&#8217;il y ait<strong> concertation, il faut que chacun puisse avoir au pr\u00e9alable une information \u00e9clair\u00e9e<\/strong> et surtout conna\u00eetre les diff\u00e9rents types de projets qui&nbsp;pourraient \u00eatre mis en \u0153uvre&nbsp;sur la commune.<\/p>\n\n\n\n<p>Ce travail est bas\u00e9 sur les documents mis \u00e0 disposition&nbsp;par l&#8217;Etat aupr\u00e8s des \u00e9lus et des citoyens.<\/p>\n\n\n\n<ul class=\"wp-block-list\">\n<li>Nous nous sommes bas\u00e9s sur les cartographies mises en place par la DDTM (direction d\u00e9partementale des territoires et de la mer) et les outils d\u00e9velopp\u00e9s par la DREAL (Direction r\u00e9gionale de l&#8217;environnement, de l&#8217;am\u00e9nagement et du logement).<\/li>\n\n\n\n<li>La DDTM a notamment \u00e9dit\u00e9 une cartographie des zones potentielles pouvant accueillir du photovolta\u00efque au sol , car l&#8217;enjeu dans notre r\u00e9gion repose surtout sur cette ENR.<\/li>\n<\/ul>\n\n\n\n<p>les types de ZAENR cibl\u00e9es par la loi du 10 mars 2023.La loi du 10 mars 2023 ayant pour but d&#8217;acc\u00e9l\u00e9rer les \u00c9nergies&nbsp;renouvelables cible plusieurs type d&#8217;\u00e9nergies renouvelables :<\/p>\n\n\n\n<ul class=\"wp-block-list\">\n<li>L&#8217;\u00e9olien&nbsp;terrestre<\/li>\n\n\n\n<li>L&#8217;\u00e9olien maritime<\/li>\n\n\n\n<li>l&#8217;hydro\u00e9lectricit\u00e9<\/li>\n\n\n\n<li>La g\u00e9othermie<\/li>\n\n\n\n<li>La biomasse<\/li>\n\n\n\n<li>Les r\u00e9seaux de chaleur et de froid<\/li>\n\n\n\n<li>La m\u00e9thanisation &#8211; biogaz<\/li>\n\n\n\n<li>Le solaire thermique<\/li>\n\n\n\n<li>Le photovolta\u00efque&nbsp;au sol<\/li>\n\n\n\n<li>Le photovolta\u00efque&nbsp;en toiture<\/li>\n\n\n\n<li>Le photovolta\u00efque&nbsp;flottant<\/li>\n\n\n\n<li>Le photovolta\u00efque&nbsp;sur ombri\u00e8res<\/li>\n\n\n\n<li>L&#8217;agrivolta\u00efque<\/li>\n<\/ul>\n\n\n\n<p>Selon la topographie du territoire , ses contraintes d&#8217;urbanisme, ses contraintes environnementales, toutes les \u00e9nergies list\u00e9es ne sont pas forc\u00e9ment adapt\u00e9es.<\/p>\n\n\n\n<h3 class=\"wp-block-heading\"><strong>L&#8217;Etat a d&#8217;ailleurs d\u00e9termin\u00e9 des contraintes d&#8217;installations des ZAENR :&nbsp;<\/strong><\/h3>\n\n\n\n<p>Il est d\u2019abord rappel\u00e9 qu\u2019\u00e0 l\u2019exception des proc\u00e9d\u00e9s de production en toiture, les ZAENR ne peuvent \u00eatre comprises dans les parcs nationaux et les r\u00e9serves naturelles ni, lorsqu\u2019elles concernent le d\u00e9ploiement d\u2019installations utilisant l\u2019\u00e9nergie \u00e9olienne, dans les sites class\u00e9s (zone de protection sp\u00e9ciale ou de zone sp\u00e9ciale de conservation des chiropt\u00e8res au <strong>sein du r\u00e9seau Natura 2000<\/strong>) ;<\/p>\n\n\n<div class=\"wp-block-image\">\n<figure class=\"aligncenter size-full is-resized\"><img loading=\"lazy\" decoding=\"async\" width=\"940\" height=\"788\" src=\"https:\/\/preservonsaurons.org\/wp-content\/uploads\/2024\/02\/423236568_367683392679149_8094341347211300412_n.jpg\" alt=\"\" class=\"wp-image-769\" style=\"width:904px;height:auto\" srcset=\"https:\/\/preservonsaurons.org\/wp-content\/uploads\/2024\/02\/423236568_367683392679149_8094341347211300412_n.jpg 940w, https:\/\/preservonsaurons.org\/wp-content\/uploads\/2024\/02\/423236568_367683392679149_8094341347211300412_n-300x251.jpg 300w, https:\/\/preservonsaurons.org\/wp-content\/uploads\/2024\/02\/423236568_367683392679149_8094341347211300412_n-768x644.jpg 768w, https:\/\/preservonsaurons.org\/wp-content\/uploads\/2024\/02\/423236568_367683392679149_8094341347211300412_n-600x503.jpg 600w\" sizes=\"auto, (max-width: 940px) 100vw, 940px\" \/><\/figure>\n<\/div>\n\n\n<p>Cette r\u00e9glementation exclut l&#8217;<strong>\u00e9olien terrestre<\/strong>&nbsp;sur notre commune puisque tout le territoire Auronais est class\u00e9 NATURA 2000 Zone de protection sp\u00e9ciale.( Zone en vert sur la carte suivante)<\/p>\n\n\n\n<h4 class=\"wp-block-heading\">L\u2019\u00e9olien terrestre en autoconsommation n\u2019est lui pas exclu si il respecte les conditions suivantes :<\/h4>\n\n\n\n<ul class=\"wp-block-list\">\n<li>Hauteur maximale \u00e0 12 m\u00e8tres<\/li>\n\n\n\n<li>Puissance inf\u00e9rieure \u00e0 20 Kw<\/li>\n<\/ul>\n\n\n\n<p>Les&nbsp;<strong>ZNIEFF<\/strong>&nbsp;(Zones naturelles&nbsp;d&#8217;int\u00e9r\u00eat&nbsp;\u00e9cologique faunistique et floristiques) sont aussi une limitation \u00e0 l&#8217;installation des ENR.<\/p>\n\n\n\n<p>Hormis son centre urbain, Aurons est en ZNIEFF II (espace qui int\u00e8gre des ensembles naturels fonctionnels et paysagers poss\u00e9dant une coh\u00e9sion \u00e9lev\u00e9e et plus riche que les milieux alentour).<\/p>\n\n\n<div class=\"wp-block-image\">\n<figure class=\"aligncenter size-full\"><img loading=\"lazy\" decoding=\"async\" width=\"930\" height=\"441\" src=\"https:\/\/preservonsaurons.org\/wp-content\/uploads\/2024\/02\/image.png\" alt=\"\" class=\"wp-image-770\" srcset=\"https:\/\/preservonsaurons.org\/wp-content\/uploads\/2024\/02\/image.png 930w, https:\/\/preservonsaurons.org\/wp-content\/uploads\/2024\/02\/image-300x142.png 300w, https:\/\/preservonsaurons.org\/wp-content\/uploads\/2024\/02\/image-768x364.png 768w, https:\/\/preservonsaurons.org\/wp-content\/uploads\/2024\/02\/image-600x285.png 600w\" sizes=\"auto, (max-width: 930px) 100vw, 930px\" \/><\/figure>\n<\/div>\n\n\n<p><em>L&#8217;<strong>\u00e9olien maritime<\/strong>&nbsp;est bien entendu exclu sur la commune, tout comme l<strong>&#8216;hydro\u00e9lectricit\u00e9<\/strong>, n&#8217;ayant pas de cours d&#8217;eau.<\/em><\/p>\n\n\n\n<h4 class=\"wp-block-heading\"><strong>La g\u00e9othermie&nbsp; :&nbsp;<\/strong><\/h4>\n\n\n\n<p>Elle est se distingue en 2 types :&nbsp;<\/p>\n\n\n\n<ul class=\"wp-block-list\">\n<li>La g\u00e9othermie de surface : \u00c9galement appel\u00e9e \u00ab g\u00e9othermie Tr\u00e8s Basse \u00c9nergie \u00bb ou \u00ab g\u00e9othermie assist\u00e9e par pompe \u00e0 chaleur \u00bb) concerne l\u2019exploitation de l\u2019\u00e9nergie contenue dans le sous-sol jusqu\u2019\u00e0 200 m. Ce sont des installations sur nappe.<\/li>\n\n\n\n<li>La g\u00e9othermie profonde qui consiste \u00e0 utiliser la chaleur d\u2019eau puis\u00e9e dans les aquif\u00e8res entre 500 et 2 500 m de profondeur pour la transf\u00e9rer \u00e0 des r\u00e9seaux de chaleurs \u00e0 des fins de chauffage .<\/li>\n<\/ul>\n\n\n\n<p>Elle semble avoir un potentiel peu favorable dans le centre du village \u00e0 favorable sur les autres zones urbanis\u00e9es. Cette \u00e9nergie qui fonctionne bien en individuel coupl\u00e9 avec une pompe \u00e0 chaleur, mais n\u00e9cessite souvent de lourds investissements. <\/p>\n\n\n\n<p><strong><em>En utilisation&nbsp;collective, cela n\u00e9cessite un lourd travail de r\u00e9seaux de distribution.<\/em><\/strong><\/p>\n\n\n<div class=\"wp-block-image\">\n<figure class=\"aligncenter size-full\"><img loading=\"lazy\" decoding=\"async\" width=\"924\" height=\"440\" src=\"https:\/\/preservonsaurons.org\/wp-content\/uploads\/2024\/02\/Capture-decran-2024-02-04-082044.png\" alt=\"\" class=\"wp-image-765\" srcset=\"https:\/\/preservonsaurons.org\/wp-content\/uploads\/2024\/02\/Capture-decran-2024-02-04-082044.png 924w, https:\/\/preservonsaurons.org\/wp-content\/uploads\/2024\/02\/Capture-decran-2024-02-04-082044-300x143.png 300w, https:\/\/preservonsaurons.org\/wp-content\/uploads\/2024\/02\/Capture-decran-2024-02-04-082044-768x366.png 768w, https:\/\/preservonsaurons.org\/wp-content\/uploads\/2024\/02\/Capture-decran-2024-02-04-082044-600x286.png 600w\" sizes=\"auto, (max-width: 924px) 100vw, 924px\" \/><\/figure>\n<\/div>\n\n\n<h4 class=\"wp-block-heading\"><strong>La biomasse :&nbsp;<\/strong><\/h4>\n\n\n\n<p>C&#8217;est une chaufferie bois est une installation permettant de produire de la chaleur et\/ ou de l\u2019\u00e9lectricit\u00e9 en cog\u00e9n\u00e9ration \u00e0 partir d\u2019un combustible bois. Beaucoup dans le village poss\u00e8dent une chemin\u00e9e, cette \u00e9nergie est donc assez r\u00e9pandue \u00e0 titre individuel. L&#8217;utilisation en collectif n\u00e9cessite des infrastructures et des r\u00e9seaux que nous n&#8217;avons pas.<\/p>\n\n\n\n<p><strong><em>Le seul point de production proche d&#8217;Aurons se trouve \u00e0 Vern\u00e8gues.<\/em><\/strong><\/p>\n\n\n<div class=\"wp-block-image\">\n<figure class=\"aligncenter size-full\"><img loading=\"lazy\" decoding=\"async\" width=\"927\" height=\"402\" src=\"https:\/\/preservonsaurons.org\/wp-content\/uploads\/2024\/02\/Capture-decran-2024-02-04-082808.png\" alt=\"\" class=\"wp-image-768\" srcset=\"https:\/\/preservonsaurons.org\/wp-content\/uploads\/2024\/02\/Capture-decran-2024-02-04-082808.png 927w, https:\/\/preservonsaurons.org\/wp-content\/uploads\/2024\/02\/Capture-decran-2024-02-04-082808-300x130.png 300w, https:\/\/preservonsaurons.org\/wp-content\/uploads\/2024\/02\/Capture-decran-2024-02-04-082808-768x333.png 768w, https:\/\/preservonsaurons.org\/wp-content\/uploads\/2024\/02\/Capture-decran-2024-02-04-082808-600x260.png 600w\" sizes=\"auto, (max-width: 927px) 100vw, 927px\" \/><\/figure>\n<\/div>\n\n\n<h4 class=\"wp-block-heading\"><strong>Les r\u00e9seaux de chaleur et de froid :&nbsp;<\/strong><\/h4>\n\n\n\n<p>Les r\u00e9seaux de chaleur alimentent des b\u00e2timents \u00e0 partir d\u2019un ou plusieurs moyens de production de chaleur centralis\u00e9s fonctionnant notamment \u00e0 l&#8217;aide d&#8217;\u00e9nergies renouvelables et de r\u00e9cup\u00e9ration (63 % de l\u2019alimentation) :<br>\u25a0 Biomasse ;<br>\u25a0 G\u00e9othermie (profonde, de surface, sur eaux de mer, de lac ou us\u00e9es\u2026) ;<br>\u25a0 Solaire thermique ;<br>\u25a0 Chaleur fatale issue d\u2019unit\u00e9s d\u2019incin\u00e9ration de d\u00e9chets, de sites industriels, de data center, etc.&nbsp;<strong><\/strong><\/p>\n\n\n\n<p><strong><em>Il n&#8217;a pas de potentiel identifi\u00e9 sur le territoire d&#8217;Aurons s&#8217;agissant d&#8217;installation de r\u00e9seaux.<\/em><\/strong><\/p>\n\n\n<div class=\"wp-block-image\">\n<figure class=\"aligncenter size-full\"><img loading=\"lazy\" decoding=\"async\" width=\"923\" height=\"441\" src=\"https:\/\/preservonsaurons.org\/wp-content\/uploads\/2024\/02\/Capture-decran-2024-02-04-082712.png\" alt=\"\" class=\"wp-image-767\" srcset=\"https:\/\/preservonsaurons.org\/wp-content\/uploads\/2024\/02\/Capture-decran-2024-02-04-082712.png 923w, https:\/\/preservonsaurons.org\/wp-content\/uploads\/2024\/02\/Capture-decran-2024-02-04-082712-300x143.png 300w, https:\/\/preservonsaurons.org\/wp-content\/uploads\/2024\/02\/Capture-decran-2024-02-04-082712-768x367.png 768w, https:\/\/preservonsaurons.org\/wp-content\/uploads\/2024\/02\/Capture-decran-2024-02-04-082712-600x287.png 600w\" sizes=\"auto, (max-width: 923px) 100vw, 923px\" \/><\/figure>\n<\/div>\n\n\n<h4 class=\"wp-block-heading\"><strong>La m\u00e9thanisation &#8211; biogaz :&nbsp;<\/strong><\/h4>\n\n\n\n<p>La m\u00e9thanisation est un processus de production de biogaz par fermentation de mati\u00e8re organique en l\u2019absence d\u2019oxyg\u00e8ne (ana\u00e9robie) et sous l\u2019effet de la chaleur .<br>C\u2019est une source d\u2019\u00e9nergie non-continue et stockable.<br>Le biogaz produit peut \u00eatre valoris\u00e9 de nombreuses mani\u00e8res, sur ou hors des exploitations :<br>\u25a0 En biom\u00e9thane inject\u00e9 dans le r\u00e9seau apr\u00e8s purification ;<br>\u25a0 Par cog\u00e9n\u00e9ration : production simultan\u00e9e de chaleur et d\u2019\u00e9lectricit\u00e9 ;<br>\u25a0 Par production de chaleur seule ;<br>\u25a0 Par production de biocarburant bioGNV.&nbsp;<\/p>\n\n\n\n<p><strong><em>La 68% des installations sont \u00e0 la ferme, le reste concernant le traitement des d\u00e9chets et mati\u00e8res organiques.<\/em><\/strong> Du fait d&#8217;une forte activit\u00e9 agricole sur le canton , le potentiel est assez \u00e9lev\u00e9&nbsp;(25 \u00e0 75 Gwh) mais n\u00e9cessite encore une fois de lourds investissements en r\u00e9seaux de distribution.<\/p>\n\n\n<div class=\"wp-block-image\">\n<figure class=\"aligncenter size-full\"><img loading=\"lazy\" decoding=\"async\" width=\"926\" height=\"429\" src=\"http:\/\/preservonsaurons.org\/wp-content\/uploads\/2024\/02\/Capture-decran-2024-02-04-082057.png\" alt=\"\" class=\"wp-image-766\" srcset=\"https:\/\/preservonsaurons.org\/wp-content\/uploads\/2024\/02\/Capture-decran-2024-02-04-082057.png 926w, https:\/\/preservonsaurons.org\/wp-content\/uploads\/2024\/02\/Capture-decran-2024-02-04-082057-300x139.png 300w, https:\/\/preservonsaurons.org\/wp-content\/uploads\/2024\/02\/Capture-decran-2024-02-04-082057-768x356.png 768w, https:\/\/preservonsaurons.org\/wp-content\/uploads\/2024\/02\/Capture-decran-2024-02-04-082057-600x278.png 600w\" sizes=\"auto, (max-width: 926px) 100vw, 926px\" \/><\/figure>\n<\/div>\n\n\n<p><strong>Le solaire thermique :&nbsp;<\/strong><\/p>\n\n\n\n<p>Les panneaux solaires thermiques permettent de produire de la chaleur qui peut \u00eatre valoris\u00e9e pour diff\u00e9rentes applications : la production d\u2019eau chaude sanitaire (ECS), le chauffage de b\u00e2timents, la fourniture de chaleur pour l\u2019industrie et l\u2019agriculture, l\u2019alimentation de r\u00e9seaux de chaleur.&nbsp; Au lieu de produire de l&#8217;\u00e9lectricit\u00e9, ces panneaux produisent de l&#8217;eau chaude. Les panneaux solaires thermiques sont g\u00e9n\u00e9ralement install\u00e9s en toiture ou en ombri\u00e8res sur les b\u00e2timents. Pour des projets de plus grande taille, ils peuvent \u00eatre plac\u00e9s au sol et constituer un champ solaire.&nbsp;<\/p>\n\n\n\n<p>Pour un usage collectif, s&#8217;agissant de transfert de chaleur, cela n\u00e9cessite des r\u00e9seaux de distribution. Ce syst\u00e8me fonctionne toutefois tr\u00e8s bien \u00e0 titre individuel.<\/p>\n\n\n<div class=\"wp-block-image\">\n<figure class=\"aligncenter size-full\"><img loading=\"lazy\" decoding=\"async\" width=\"489\" height=\"322\" src=\"https:\/\/preservonsaurons.org\/wp-content\/uploads\/2024\/02\/Capture-decran-2024-02-04-082028.png\" alt=\"\" class=\"wp-image-764\" srcset=\"https:\/\/preservonsaurons.org\/wp-content\/uploads\/2024\/02\/Capture-decran-2024-02-04-082028.png 489w, https:\/\/preservonsaurons.org\/wp-content\/uploads\/2024\/02\/Capture-decran-2024-02-04-082028-300x198.png 300w\" sizes=\"auto, (max-width: 489px) 100vw, 489px\" \/><\/figure>\n<\/div>\n\n\n<h2 class=\"wp-block-heading\"><strong>Le Photovolta\u00efque<\/strong> l&#8217;ENR fortement mise en avant par la DDTM13.<\/h2>\n\n\n\n<p>Nous terminons par l&#8217;\u00e9nergie qui pr\u00e9sente certainement le plus de potentiel pour notre territoire : le&nbsp;<strong>Photovolta\u00efque<\/strong><\/p>\n\n\n\n<p>Ce proc\u00e9d\u00e9 est rendu efficace dans notre r\u00e9gion parce qu&#8217;elle b\u00e9n\u00e9ficie d&#8217;une irradiation solaire haute (environ 1650 Kwh\/m\u00b2)<\/p>\n\n\n<div class=\"wp-block-image\">\n<figure class=\"aligncenter size-large\"><img loading=\"lazy\" decoding=\"async\" width=\"1024\" height=\"487\" src=\"https:\/\/preservonsaurons.org\/wp-content\/uploads\/2024\/02\/image-1-1-1024x487.png\" alt=\"\" class=\"wp-image-746\" srcset=\"https:\/\/preservonsaurons.org\/wp-content\/uploads\/2024\/02\/image-1-1-1024x487.png 1024w, https:\/\/preservonsaurons.org\/wp-content\/uploads\/2024\/02\/image-1-1-300x143.png 300w, https:\/\/preservonsaurons.org\/wp-content\/uploads\/2024\/02\/image-1-1-768x365.png 768w, https:\/\/preservonsaurons.org\/wp-content\/uploads\/2024\/02\/image-1-1-1536x730.png 1536w, https:\/\/preservonsaurons.org\/wp-content\/uploads\/2024\/02\/image-1-1-600x285.png 600w, https:\/\/preservonsaurons.org\/wp-content\/uploads\/2024\/02\/image-1-1.png 1915w\" sizes=\"auto, (max-width: 1024px) 100vw, 1024px\" \/><\/figure>\n<\/div>\n\n\n<p>Il se d\u00e9cline en plusieurs type d&#8217;installation :<\/p>\n\n\n\n<ul class=\"wp-block-list\">\n<li>Le photovolta\u00efque&nbsp;au sol<\/li>\n\n\n\n<li>Le photovolta\u00efque&nbsp;en toiture<\/li>\n\n\n\n<li>Le photovolta\u00efque&nbsp;flottant<\/li>\n\n\n\n<li>Le photovolta\u00efque&nbsp;sur ombri\u00e8res<\/li>\n\n\n\n<li>L&#8217;agrivolta\u00efque<\/li>\n<\/ul>\n\n\n\n<p>Le DDTM 13 a \u00e9dit\u00e9 une cartographie du potentiel photovolta\u00efque pour les communes des Bouches du Rh\u00f4ne.<\/p>\n\n\n\n<p>Qui dit zones a potentiel dit aussi zones exclues (soit par contraintes environnementales, contraintes techniques ou volont\u00e9 du l\u00e9gislateur de sauvegarder certains espaces )<\/p>\n\n\n\n<p>La cartographie pour Aurons est \u00e0 retrouver&nbsp;ici :&nbsp;<a href=\"https:\/\/carto2.geo-ide.din.developpement-durable.gouv.fr\/frontoffice\/?map=5b654996-1f5b-4507-bd7a-a31e77feb3f6&amp;x=573984&amp;y=5413571&amp;z=13&amp;context=dsharelinkttl18020240125T211830108Z405916693900191627\" target=\"_blank\" rel=\"noreferrer noopener\">https:\/\/carto2.geo-ide.din.developpement-durable.gouv.fr\/frontoffice\/?map=5b654996-1f5b4507bd7aa31e77feb3f6&amp;x=573984&amp;y=5413571&amp;z=13&amp;context=dsharelinkttl18020240125T211830108Z405916693900191627<\/a><\/p>\n\n\n\n<p><strong>Installation photovolta\u00efque au sol :&nbsp;<\/strong><\/p>\n\n\n\n<p>Les installations photovolta\u00efques au sol, aussi appel\u00e9es parcs photovolta\u00efques au sol, ou centrales solaires, sont des champs de panneaux photovolta\u00efques fix\u00e9s sur des supports install\u00e9s sur des terrains nus ou \u00e0 v\u00e9g\u00e9tation rase. Le cadre du photovolta\u00efque au sol avec une activit\u00e9 agricole pastorale ou foresti\u00e8re a \u00e9t\u00e9 pr\u00e9cis\u00e9 par la loi du 10 mars 2023.&nbsp;&nbsp;<\/p>\n\n\n\n<p>Les zones \u00e0 exclure car r\u00e9glementairement r\u00e9dhibitoires pour les installations photovolta\u00efques au sol concernent les domaines :<br>&#8211; de l&#8217;agriculture<br>&#8211; des for\u00eats<br>&#8211; de l&#8217;environnement (ZPS, Natura 2000)<br>&#8211; et des risques (technologiques, environnementaux)&nbsp;<\/p>\n\n\n\n<p>Sur la carte en lien ci-dessus , il s&#8217;agit des zones en rouge, jaune, hachur\u00e9es rouges et hachur\u00e9es bleues. Comme vous pouvez le voir cela ne laisse pratiquement aucun espace disponible pour une installation. De plus, il faut penser aux r\u00e9seaux \u00e0 construire&nbsp;pour injecter l&#8217;\u00e9lectricit\u00e9 produite dans le r\u00e9seau&nbsp;ENEDIS. Cela n\u00e9cessite des c\u00e2bles, des chemins d&#8217;acc\u00e8s, des petits b\u00e2timents pour les r\u00e9gulateurs.<\/p>\n\n\n<div class=\"wp-block-image\">\n<figure class=\"aligncenter size-large\"><img loading=\"lazy\" decoding=\"async\" width=\"1024\" height=\"457\" src=\"https:\/\/preservonsaurons.org\/wp-content\/uploads\/2024\/02\/image-2-1024x457.png\" alt=\"\" class=\"wp-image-756\" srcset=\"https:\/\/preservonsaurons.org\/wp-content\/uploads\/2024\/02\/image-2-1024x457.png 1024w, https:\/\/preservonsaurons.org\/wp-content\/uploads\/2024\/02\/image-2-300x134.png 300w, https:\/\/preservonsaurons.org\/wp-content\/uploads\/2024\/02\/image-2-768x343.png 768w, https:\/\/preservonsaurons.org\/wp-content\/uploads\/2024\/02\/image-2-1536x685.png 1536w, https:\/\/preservonsaurons.org\/wp-content\/uploads\/2024\/02\/image-2-600x268.png 600w, https:\/\/preservonsaurons.org\/wp-content\/uploads\/2024\/02\/image-2.png 1916w\" sizes=\"auto, (max-width: 1024px) 100vw, 1024px\" \/><\/figure>\n<\/div>\n\n\n<p><strong>Installation photovolta\u00efque flottante :<\/strong><\/p>\n\n\n\n<p>Une installation photovolta\u00efque flottante est une installation de production d\u2019\u00e9nergie solaire install\u00e9e sur un plan d\u2019eau naturel ou artificiel permettant de g\u00e9n\u00e9rer de l\u2019\u00e9lectricit\u00e9 gr\u00e2ce \u00e0 des<br>cellules photovolta\u00efques.&nbsp;<\/p>\n\n\n\n<p>Cela ne s&#8217;applique pas sur le territoire&nbsp;Auronais.<\/p>\n\n\n\n<p><strong>Installation photovolta\u00efque sur ombri\u00e8res ( parkings, canaux ) :<\/strong><br>Une ombri\u00e8re photovolta\u00efque est une structure m\u00e9tallique permettant de fournir de l\u2019ombre tout en g\u00e9n\u00e9rant de l\u2019\u00e9lectricit\u00e9 gr\u00e2ce \u00e0 des cellules photovolta\u00efques.<\/p>\n\n\n\n<p>La loi d\u2019acc\u00e9l\u00e9ration des ENR impose l\u2019implantation d\u2019ombri\u00e8res photovolta\u00efques pour les parcs de stationnement ext\u00e9rieurs existants au 1er juillet 2023 d\u2019une superficie sup\u00e9rieure \u00e0 1 500 m\u00b2 sur au moins la moiti\u00e9 de cette superficie. (art 40 de la loi).<\/p>\n\n\n\n<p>Sur Aurons , il n&#8217;y a pas de parkings de plus de 1500m\u00b2<\/p>\n\n\n\n<p>Seul un parking de plus de 500 m\u00b2 est identifi\u00e9 au niveau du domaine de la Reynaude.<\/p>\n\n\n<div class=\"wp-block-image\">\n<figure class=\"aligncenter size-large\"><img loading=\"lazy\" decoding=\"async\" width=\"1024\" height=\"464\" src=\"https:\/\/preservonsaurons.org\/wp-content\/uploads\/2024\/02\/image-3-1024x464.png\" alt=\"\" class=\"wp-image-757\" srcset=\"https:\/\/preservonsaurons.org\/wp-content\/uploads\/2024\/02\/image-3-1024x464.png 1024w, https:\/\/preservonsaurons.org\/wp-content\/uploads\/2024\/02\/image-3-300x136.png 300w, https:\/\/preservonsaurons.org\/wp-content\/uploads\/2024\/02\/image-3-768x348.png 768w, https:\/\/preservonsaurons.org\/wp-content\/uploads\/2024\/02\/image-3-1536x696.png 1536w, https:\/\/preservonsaurons.org\/wp-content\/uploads\/2024\/02\/image-3-600x272.png 600w, https:\/\/preservonsaurons.org\/wp-content\/uploads\/2024\/02\/image-3.png 1908w\" sizes=\"auto, (max-width: 1024px) 100vw, 1024px\" \/><\/figure>\n<\/div>\n\n\n<p><strong>Installation photovolta\u00efque ou solaire thermique sur toiture :<\/strong><br>Une toiture photovolta\u00efque est une toiture sur laquelle sont install\u00e9s de panneaux photovolta\u00efques permettant de g\u00e9n\u00e9rer de l\u2019\u00e9lectricit\u00e9 gr\u00e2ce \u00e0 des cellules photovolta\u00efques. La pose de panneaux<br>photovolta\u00efques peut \u00eatre r\u00e9alis\u00e9e sur :<br>\u2022 une construction existante (modification de l\u2019aspect ext\u00e9rieur de la construction) : proc\u00e9dure de d\u00e9claration pr\u00e9alable Art R 421-17 a) du CU.<br>\u2022 une nouvelle construction : installation int\u00e9gr\u00e9e \u00e0 la demande de permis de construire de la construction.<br>La production \u00e9lectrique peut soit totalement \u00eatre inject\u00e9e sur le r\u00e9seau, soit auto-consomm\u00e9e en partie avec injection du surplus dans le r\u00e9seau.<br>Ces r\u00e8gles s\u2019appliquent aussi aux panneaux solaires thermiques, par exemple pour la production d\u2019eau chaude sanitaire.<\/p>\n\n\n\n<p>Le potentiel de production en toiture est bien pr\u00e9sent sur Aurons et notamment sur le toit de l&#8217;ancienne confiturerie.<\/p>\n\n\n<div class=\"wp-block-image\">\n<figure class=\"aligncenter size-large\"><img loading=\"lazy\" decoding=\"async\" width=\"1024\" height=\"469\" src=\"https:\/\/preservonsaurons.org\/wp-content\/uploads\/2024\/02\/image-4-1024x469.png\" alt=\"\" class=\"wp-image-758\" srcset=\"https:\/\/preservonsaurons.org\/wp-content\/uploads\/2024\/02\/image-4-1024x469.png 1024w, https:\/\/preservonsaurons.org\/wp-content\/uploads\/2024\/02\/image-4-300x137.png 300w, https:\/\/preservonsaurons.org\/wp-content\/uploads\/2024\/02\/image-4-768x351.png 768w, https:\/\/preservonsaurons.org\/wp-content\/uploads\/2024\/02\/image-4-1536x703.png 1536w, https:\/\/preservonsaurons.org\/wp-content\/uploads\/2024\/02\/image-4-600x275.png 600w, https:\/\/preservonsaurons.org\/wp-content\/uploads\/2024\/02\/image-4.png 1901w\" sizes=\"auto, (max-width: 1024px) 100vw, 1024px\" \/><\/figure>\n<\/div>\n\n\n<p><strong>Installation agrivolta\u00efque :<\/strong><br>Une installation agrivolta\u00efque vise, sur une m\u00eame surface de parcelle qu\u2019une production agricole, \u00e0 apporter un service \u00e0 la production agricole comme l\u2019adaptation au changement climatique, la<br>protection contre les al\u00e9as m\u00e9t\u00e9orologiques, l\u2019am\u00e9lioration du bien \u00eatre animal\u2026 sans d\u00e9grader qualitativement et quantitativement la production agricole ni entra\u00eener une diminution des revenus issus de la production agricole.<\/p>\n\n\n\n<p>Sur Aurons, entre la ferme d&#8217;Aurons et sa ch\u00e8vrerie mais aussi les serres sur le plateau du Sonnailler, ce dispositif est r\u00e9alisable. Mais son opportunit\u00e9 d\u2019implantation s\u2019\u00e9value \u00e0 l\u2019\u00e9chelle de l\u2019exploitation agricole et des besoins de l&#8217;exploitant. Il s&#8217;agit donc de recueillir les besoins et de d\u00e9finir avec les exploitants les opportunit\u00e9s d&#8217;installation.<\/p>\n\n\n\n<p><strong>Potentiel sur la ch\u00e8vrerie :&nbsp;<\/strong><\/p>\n\n\n<div class=\"wp-block-image\">\n<figure class=\"aligncenter size-large\"><img loading=\"lazy\" decoding=\"async\" width=\"1024\" height=\"575\" src=\"https:\/\/preservonsaurons.org\/wp-content\/uploads\/2024\/02\/image-6-1024x575.png\" alt=\"\" class=\"wp-image-759\" srcset=\"https:\/\/preservonsaurons.org\/wp-content\/uploads\/2024\/02\/image-6-1024x575.png 1024w, https:\/\/preservonsaurons.org\/wp-content\/uploads\/2024\/02\/image-6-300x168.png 300w, https:\/\/preservonsaurons.org\/wp-content\/uploads\/2024\/02\/image-6-768x431.png 768w, https:\/\/preservonsaurons.org\/wp-content\/uploads\/2024\/02\/image-6-1536x862.png 1536w, https:\/\/preservonsaurons.org\/wp-content\/uploads\/2024\/02\/image-6-600x337.png 600w, https:\/\/preservonsaurons.org\/wp-content\/uploads\/2024\/02\/image-6.png 1605w\" sizes=\"auto, (max-width: 1024px) 100vw, 1024px\" \/><\/figure>\n<\/div>\n\n\n<p><strong>Potentiel au Sonnailler :&nbsp;<\/strong><\/p>\n\n\n<div class=\"wp-block-image\">\n<figure class=\"aligncenter size-large\"><img loading=\"lazy\" decoding=\"async\" width=\"1024\" height=\"556\" src=\"https:\/\/preservonsaurons.org\/wp-content\/uploads\/2024\/02\/image-8-1024x556.png\" alt=\"\" class=\"wp-image-760\" srcset=\"https:\/\/preservonsaurons.org\/wp-content\/uploads\/2024\/02\/image-8-1024x556.png 1024w, https:\/\/preservonsaurons.org\/wp-content\/uploads\/2024\/02\/image-8-300x163.png 300w, https:\/\/preservonsaurons.org\/wp-content\/uploads\/2024\/02\/image-8-768x417.png 768w, https:\/\/preservonsaurons.org\/wp-content\/uploads\/2024\/02\/image-8-1536x834.png 1536w, https:\/\/preservonsaurons.org\/wp-content\/uploads\/2024\/02\/image-8-600x326.png 600w, https:\/\/preservonsaurons.org\/wp-content\/uploads\/2024\/02\/image-8.png 1640w\" sizes=\"auto, (max-width: 1024px) 100vw, 1024px\" \/><\/figure>\n<\/div>\n\n\n<p><strong>Installation photovolta\u00efque sur sol \u00e0 tr\u00e8s faible valeur agricole :<\/strong><br>Des installations photovolta\u00efques au sol sur des terrains agricoles, compatibles avec l\u2019exercice d\u2019une activit\u00e9 agricole, pastorale ou foresti\u00e8re.<\/p>\n\n\n\n<p>La commune \u00e9tant en cours d&#8217;\u00e9valuation ZAP (Zone agricole prot\u00e9g\u00e9e), ainsi que ZNIEFF (Zone naturelle d&#8217;int\u00e9r\u00eat \u00e9cologique&nbsp;faunistique et floristique) ces zones sont dites \u00e0 enjeux environnemental donc non prioritaires pour le d\u00e9veloppement des ZAENR.<\/p>\n\n\n\n<p>D&#8217;autant plus que compte tenu de la configuration des r\u00e9seaux \u00e9lectriques actuels, l&#8217;installation de ferme photovolta\u00efque au sol dans ces zones, n\u00e9cessiterait d&#8217;\u00e9normes travaux d&#8217;infrastructures.<\/p>\n\n\n\n<p><strong>En conclusion :&nbsp;<\/strong><\/p>\n\n\n\n<p>La commune d&#8217;Aurons ne pr\u00e9sente pas r\u00e9ellement de ZAENR&nbsp;facilitant l&#8217;installation de projets photovolta\u00efque. (Except\u00e9 en agrivolta\u00efsme)<\/p>\n\n\n\n<p>Toutefois, compte tenu de son b\u00e2ti existant, le photovolta\u00efque en toiture (tr\u00e8s encourag\u00e9 par l&#8217;Etat et facile \u00e0 mettre&nbsp;en \u0153uvre) est une voie tr\u00e8s int\u00e9ressante et \u00e9conomiquement viable.<\/p>\n\n\n\n<p>Il ne faut pas oublier le solaire thermique dans ce d\u00e9veloppement en toitures.<\/p>\n\n\n\n<p>L&#8217;int\u00e9r\u00eat&nbsp;pour une commune comme la notre serait la mise en r\u00e9seau de toutes ses installations afin de collectiviser les productions et donc l&#8217;autonomie \u00e9nerg\u00e9tique, mais comme nous l&#8217;avons vu pr\u00e9c\u00e9demment, cela peut n\u00e9cessiter de lourds investissement (notamment sur les r\u00e9seaux de chaleur).<\/p>\n\n\n\n<p>Ci-dessous, le r\u00e9sum\u00e9 effectu\u00e9 par la DDTM13&nbsp;concernant le photovolta\u00efque&nbsp;en PACA :&nbsp;<\/p>\n\n\n<div class=\"wp-block-image\">\n<figure class=\"aligncenter size-full\"><img loading=\"lazy\" decoding=\"async\" width=\"816\" height=\"815\" src=\"https:\/\/preservonsaurons.org\/wp-content\/uploads\/2024\/02\/image-9.png\" alt=\"\" class=\"wp-image-761\" srcset=\"https:\/\/preservonsaurons.org\/wp-content\/uploads\/2024\/02\/image-9.png 816w, https:\/\/preservonsaurons.org\/wp-content\/uploads\/2024\/02\/image-9-300x300.png 300w, https:\/\/preservonsaurons.org\/wp-content\/uploads\/2024\/02\/image-9-150x150.png 150w, https:\/\/preservonsaurons.org\/wp-content\/uploads\/2024\/02\/image-9-768x767.png 768w, https:\/\/preservonsaurons.org\/wp-content\/uploads\/2024\/02\/image-9-270x270.png 270w, https:\/\/preservonsaurons.org\/wp-content\/uploads\/2024\/02\/image-9-230x230.png 230w, https:\/\/preservonsaurons.org\/wp-content\/uploads\/2024\/02\/image-9-45x45.png 45w, https:\/\/preservonsaurons.org\/wp-content\/uploads\/2024\/02\/image-9-600x599.png 600w, https:\/\/preservonsaurons.org\/wp-content\/uploads\/2024\/02\/image-9-100x100.png 100w\" sizes=\"auto, (max-width: 816px) 100vw, 816px\" \/><\/figure>\n<\/div>\n\n\n<ul class=\"wp-block-list\">\n<li>A potentiel : sont les zones a cibler prioritairement\u00a0<\/li>\n\n\n\n<li>A Enjeux : sont des zones non favorables car comprenant de forts enjeux environnementaux<\/li>\n\n\n\n<li>R\u00e9dhibitoire : sont des zones o\u00f9 l&#8217;implantation d&#8217;ENR est prohib\u00e9e<\/li>\n\n\n\n<li><strong>Ce r\u00e9sum\u00e9\u00a0de la DDTM13 indique bien que seront privil\u00e9gi\u00e9es, les zones \u00e0 usages, c&#8217;est \u00e0 dire celles d\u00e9j\u00e0 utilis\u00e9es\u00a0ou\u00a0b\u00e2ties.<\/strong><\/li>\n<\/ul>\n\n\n\n<p><strong>Quelle est la suite ?<\/strong><\/p>\n\n\n\n<p><strong>La loi pr\u00e9voit&nbsp; la mise en place d\u2019une concertation du public dans la phase d\u2019\u00e9laboration des zones d\u2019acc\u00e9l\u00e9ration des ENR par les communes<\/strong>.<\/p>\n\n\n\n<p>Les modalit\u00e9s de cette concertation sont d\u00e9termin\u00e9es librement par les communes. <strong>Cette concertation peut ainsi prendre la forme de r\u00e9unions publiques d\u2019information, de la mise \u00e0 disposition d\u2019un dossier et d\u2019un registre de recueil des observations du public<\/strong>&#8230;&nbsp;<\/p>\n\n\n\n<p>Pr\u00e9servons Aurons se tient \u00e0 la disposition de la mairie pour participer \u00e0 un atelier citoyen concernant la mise des ZAENR sur Aurons. N&#8217;h\u00e9sitez pas \u00e0 nous questionner ou a d\u00e9battre de ce sujet vital pour l&#8217;avenir du village !<\/p>\n","protected":false},"excerpt":{"rendered":"<p>Vous avez peut-\u00eatre&nbsp;entendu parler des ZAENR dans les m\u00e9dias ou par une communication de Pr\u00e9servons&nbsp;Aurons. Les ZAENR&nbsp;(Zones d&#8217;acc\u00e9l\u00e9rations des \u00e9nergies renouvelables) qu&#8217;est ce que c&#8217;est ? M\u00e9thodologie qui pourrait \u00eatre employ\u00e9e sur Aurons pour mesurer l&#8217;opportunit\u00e9 d&#8217;en installer. C&#8217;est un<\/p>\n","protected":false},"author":1,"featured_media":742,"comment_status":"open","ping_status":"open","sticky":false,"template":"","format":"standard","meta":{"footnotes":""},"categories":[1],"tags":[],"class_list":["post-740","post","type-post","status-publish","format-standard","has-post-thumbnail","hentry","category-non-classe"],"_links":{"self":[{"href":"https:\/\/preservonsaurons.org\/index.php\/wp-json\/wp\/v2\/posts\/740","targetHints":{"allow":["GET"]}}],"collection":[{"href":"https:\/\/preservonsaurons.org\/index.php\/wp-json\/wp\/v2\/posts"}],"about":[{"href":"https:\/\/preservonsaurons.org\/index.php\/wp-json\/wp\/v2\/types\/post"}],"author":[{"embeddable":true,"href":"https:\/\/preservonsaurons.org\/index.php\/wp-json\/wp\/v2\/users\/1"}],"replies":[{"embeddable":true,"href":"https:\/\/preservonsaurons.org\/index.php\/wp-json\/wp\/v2\/comments?post=740"}],"version-history":[{"count":5,"href":"https:\/\/preservonsaurons.org\/index.php\/wp-json\/wp\/v2\/posts\/740\/revisions"}],"predecessor-version":[{"id":772,"href":"https:\/\/preservonsaurons.org\/index.php\/wp-json\/wp\/v2\/posts\/740\/revisions\/772"}],"wp:featuredmedia":[{"embeddable":true,"href":"https:\/\/preservonsaurons.org\/index.php\/wp-json\/wp\/v2\/media\/742"}],"wp:attachment":[{"href":"https:\/\/preservonsaurons.org\/index.php\/wp-json\/wp\/v2\/media?parent=740"}],"wp:term":[{"taxonomy":"category","embeddable":true,"href":"https:\/\/preservonsaurons.org\/index.php\/wp-json\/wp\/v2\/categories?post=740"},{"taxonomy":"post_tag","embeddable":true,"href":"https:\/\/preservonsaurons.org\/index.php\/wp-json\/wp\/v2\/tags?post=740"}],"curies":[{"name":"wp","href":"https:\/\/api.w.org\/{rel}","templated":true}]}}