{"id":714,"date":"2022-03-02T14:27:29","date_gmt":"2022-03-02T13:27:29","guid":{"rendered":"http:\/\/preservonsaurons.org\/?p=714"},"modified":"2022-03-02T14:28:09","modified_gmt":"2022-03-02T13:28:09","slug":"hectare-un-ami-qui-vous-veut-du-bien","status":"publish","type":"post","link":"https:\/\/preservonsaurons.org\/index.php\/2022\/03\/02\/hectare-un-ami-qui-vous-veut-du-bien\/","title":{"rendered":"Hectare, un ami qui vous veut du bien&#8230;"},"content":{"rendered":"\n<p>Nous ne pensons pas que le projet soutenu par le Maire soit le fond principal du probl\u00e8me. En v\u00e9rit\u00e9, les enjeux sont ceux <strong>de l\u2019utilisation des terres du village<\/strong> et <strong>l\u2019absence de vision ma\u00eetris\u00e9e du d\u00e9veloppement du village<\/strong>.<\/p>\n\n\n\n<p>N\u00e9anmoins, il est int\u00e9ressant d\u2019\u00e9tudier deux minutes le projet propos\u00e9 par Hectare et soutenu par le Maire.<\/p>\n\n\n\n<p><strong>Hectare, un petit promoteur \/ am\u00e9nageur familial qui a une approche \u00ab&nbsp;patrimoniale&nbsp;\u00bb ?<\/strong><\/p>\n\n\n\n<p>La soci\u00e9t\u00e9 Hectare n\u2019a rien d\u2019une petite structure. C\u2019est un groupe, avec une empreinte consid\u00e9rable dans le Sud de la France, qui t\u00e9moigne d\u2019une forte dynamique de d\u00e9veloppement. A ce jour, Hectare est pr\u00e9sent de la Haute Garonne au Sud Est en passant par le Gard, les Pyr\u00e9n\u00e9es Orientales&nbsp;; etc \u2026<\/p>\n\n\n\n<p>Cela n\u2019est nullement critiquable, mais cela ne colle en aucune fa\u00e7on avec la mani\u00e8re dont s\u2019est pr\u00e9sent\u00e9 Hectare et son discours \u00ab&nbsp;nous souhaitons devenir Auronais&nbsp;\u00bb, r\u00e9p\u00e9t\u00e9 en boucle durant la r\u00e9union de pr\u00e9sentation de son projet.&nbsp; Pour cette soci\u00e9t\u00e9, Aurons est avant tout un r\u00e9servoir rarissime de 300 hectares de terre \u00e0 l\u2019achat en Provence. Le seul point o\u00f9 nous pourrions voir les effets du c\u00f4t\u00e9 \u00ab&nbsp;familial&nbsp;\u00bb est qu\u2019Hectare est pr\u00eat \u00e0 attendre plus longtemps encore qu\u2019un investisseur lambda pour avoir son retour sur investissement \u2026<\/p>\n\n\n\n<p><a href=\"https:\/\/www.hectare.fr\/terrain-a-vendre\/\">Tous nos projets en commercialisation (hectare.fr)<\/a><\/p>\n\n\n\n<figure class=\"wp-block-image alignwide size-full\"><img loading=\"lazy\" decoding=\"async\" width=\"645\" height=\"318\" src=\"http:\/\/preservonsaurons.org\/wp-content\/uploads\/2022\/03\/Hectare.png\" alt=\"\" class=\"wp-image-716\" srcset=\"https:\/\/preservonsaurons.org\/wp-content\/uploads\/2022\/03\/Hectare.png 645w, https:\/\/preservonsaurons.org\/wp-content\/uploads\/2022\/03\/Hectare-300x148.png 300w, https:\/\/preservonsaurons.org\/wp-content\/uploads\/2022\/03\/Hectare-600x296.png 600w\" sizes=\"auto, (max-width: 645px) 100vw, 645px\" \/><\/figure>\n\n\n\n<p><strong>Hectare, b\u00e2tisseur de l\u2019ensemble du lot, va-t-il apporter une unit\u00e9 architecturale&nbsp;?<\/strong><\/p>\n\n\n\n<p>Dans l\u2019optique d\u2019un tel projet de construction, nous aurions aim\u00e9 voir proposer &nbsp;un lotissement \u00e0 haute qualit\u00e9 environnementale avec des b\u00e2timents \u00e0 \u00e9nergie positive ou une extension du village pens\u00e9e par un grand cabinet d\u2019architecture. Ce qui est propos\u00e9 &nbsp;ici, c\u2019est une homog\u00e9n\u00e9isation vers le bas. Des constructions \u00e0 la cha\u00eene, &nbsp;sans int\u00e9r\u00eat, comme nous pouvons en voir en p\u00e9riph\u00e9ries des villages voisins (qui ont au moins eu le bon sens de ne pas int\u00e9grer ces constructions au c\u0153ur de leur centre historique). Les r\u00e9alisations d\u2019Hectare que nous avons pu visiter sont tr\u00e8s \u00e9loign\u00e9es des belles plaquettes&#8230; La couverture du hors-s\u00e9rie des Echos d\u2019Aurons distribu\u00e9 par le Maire la semaine derni\u00e8re en est une illustration. O\u00f9 sont les arbres cinquantenaires qui apportent une touche v\u00e9g\u00e9tale sur la \u00ab&nbsp;nouvelle&nbsp;\u00bb place du village ? Les maison en pierre &nbsp;qui apportent une touche d\u2019authenticit\u00e9 et de diversit\u00e9 ? L\u2019image n\u2019a d\u00e9j\u00e0 aucun lien avec la r\u00e9alit\u00e9\u2026<\/p>\n\n\n\n<p><\/p>\n\n\n\n<p><strong>Hectare met-il les enjeux environnementaux au c\u0153ur de son programme&nbsp;?<\/strong><\/p>\n\n\n\n<p>Hectare a tent\u00e9 d\u2019expliquer en quoi son projet r\u00e9duisait l\u2019artificialisation des sols par rapport au PLU actuel \u2013 tout en reconnaissant vouloir \u00e9puiser les limites du PLU, et plus encore, &nbsp;dans les d\u00e9lais les plus courts possibles (\u00e0 horizon 2026). Mais c\u2019est la m\u00eame entreprise qui ne trouve <strong><em>\u00ab&nbsp;aucun impact environnemental&nbsp;\u00bb<\/em><\/strong>&nbsp;dans les \u00e9tudes qu\u2019elle r\u00e9alise en avant-projet \u2026 Chacun comprendra que cela est tout simplement impossible dans des villages pittoresques tel que celui de Velleron\u2026 Alors soyons vigilants. Le cas de Velleron est riche d\u2019enseignements&nbsp;: aujourd\u2019hui, alors que le Maire actuel, le d\u00e9put\u00e9 et le S\u00e9nateur sont oppos\u00e9s au projet, ils ont des difficult\u00e9s \u00e0 obtenir gain de cause car\u2026 le PLU a d\u00e9j\u00e0 \u00e9t\u00e9 modifi\u00e9. Les habitants en sont r\u00e9duits \u00e0 dormir sur les terrains\u2026 <strong>Ne commettons pas la m\u00eame erreur. Profitons de la consultation organis\u00e9e par le Maire cette semaine pour nous opposer d\u2019embl\u00e9e \u00e0 ce projet.<\/strong><\/p>\n\n\n\n<p><a href=\"https:\/\/www.facebook.com\/CollectifDefenseGrandeBastideVelleron84\/videos\/597828464619777\">Facebook<\/a><\/p>\n\n\n\n<p><a href=\"https:\/\/www.youtube.com\/watch?v=mwM_puasmLY\">Vaucluse : une zad bient\u00f4t \u00e0 Velleron ? &#8211; YouTube<\/a><\/p>\n\n\n\n<p><strong>L\u2019association Pr\u00e9servons Aurons vous invite  \u00e0 vous mobiliser et \u00e0 participer nombreux \u00e0 cette consultation<\/strong>. Nous rappelons qu\u2019au-del\u00e0 de <strong>voter contre le projet<\/strong>, l\u2019association conseille de s\u2019<strong>abstenir de tout commentaire <\/strong>sur les bulletins afin d\u2019\u00e9viter toute ambigu\u00eft\u00e9 d\u2019interpr\u00e9tation.<\/p>\n\n\n\n<p>Nous vous encourageons vivement \u00e9galement \u00e0<strong> vous faire repr\u00e9senter si vous ne pouvez-\u00eatre l\u00e0 <\/strong>et \u00e0 <strong>proposer de prendre les procurations de ceux qui ne pourraient pas \u00eatre pr\u00e9sents<\/strong> ou qui ne peuvent se d\u00e9placer. Retrouvez ici un mod\u00e8le de procuration indicatif pour ceux qui le souhaiteraient (aucun format sp\u00e9cifique impos\u00e9 mais pr\u00e9voir une photocopie de la carte d\u2019identit\u00e9 du mandant).<\/p>\n\n\n\n<div class=\"wp-block-file\"><a id=\"wp-block-file--media-b80dad06-eada-41b7-a6f7-7d7a50f5ea96\" href=\"http:\/\/preservonsaurons.org\/wp-content\/uploads\/2022\/03\/PROCURATION-CONSULTATION-PUBLIQUE-AURONS.docx\">PROCURATION-CONSULTATION-PUBLIQUE-AURONS<\/a><a href=\"http:\/\/preservonsaurons.org\/wp-content\/uploads\/2022\/03\/PROCURATION-CONSULTATION-PUBLIQUE-AURONS.docx\" class=\"wp-block-file__button\" download aria-describedby=\"wp-block-file--media-b80dad06-eada-41b7-a6f7-7d7a50f5ea96\">T\u00e9l\u00e9charger<\/a><\/div>\n\n\n\n<p>Rappel des conditions et horaires de vote , cette semaine \u00e0 la mairie&nbsp;:<\/p>\n\n\n\n<ul class=\"wp-block-list\"><li>Jeudi <strong>3 mars<\/strong> (de 9h \u00e0 12h et de 15h \u00e0 18h30)<\/li><li>Vendredi <strong>4 mars<\/strong> (de 9h \u00e0 12h et de 15h \u00e0 18h30)<\/li><li>Samedi <strong>5 mars<\/strong> 9h \u00e0 12h (matin uniquement)<\/li><\/ul>\n","protected":false},"excerpt":{"rendered":"<p>Nous ne pensons pas que le projet soutenu par le Maire soit le fond principal du probl\u00e8me. En v\u00e9rit\u00e9, les enjeux sont ceux de l\u2019utilisation des terres du village et l\u2019absence de vision ma\u00eetris\u00e9e du d\u00e9veloppement du village. N\u00e9anmoins, il<\/p>\n","protected":false},"author":1,"featured_media":634,"comment_status":"open","ping_status":"open","sticky":false,"template":"","format":"standard","meta":{"footnotes":""},"categories":[1],"tags":[],"class_list":["post-714","post","type-post","status-publish","format-standard","has-post-thumbnail","hentry","category-non-classe"],"_links":{"self":[{"href":"https:\/\/preservonsaurons.org\/index.php\/wp-json\/wp\/v2\/posts\/714","targetHints":{"allow":["GET"]}}],"collection":[{"href":"https:\/\/preservonsaurons.org\/index.php\/wp-json\/wp\/v2\/posts"}],"about":[{"href":"https:\/\/preservonsaurons.org\/index.php\/wp-json\/wp\/v2\/types\/post"}],"author":[{"embeddable":true,"href":"https:\/\/preservonsaurons.org\/index.php\/wp-json\/wp\/v2\/users\/1"}],"replies":[{"embeddable":true,"href":"https:\/\/preservonsaurons.org\/index.php\/wp-json\/wp\/v2\/comments?post=714"}],"version-history":[{"count":5,"href":"https:\/\/preservonsaurons.org\/index.php\/wp-json\/wp\/v2\/posts\/714\/revisions"}],"predecessor-version":[{"id":720,"href":"https:\/\/preservonsaurons.org\/index.php\/wp-json\/wp\/v2\/posts\/714\/revisions\/720"}],"wp:featuredmedia":[{"embeddable":true,"href":"https:\/\/preservonsaurons.org\/index.php\/wp-json\/wp\/v2\/media\/634"}],"wp:attachment":[{"href":"https:\/\/preservonsaurons.org\/index.php\/wp-json\/wp\/v2\/media?parent=714"}],"wp:term":[{"taxonomy":"category","embeddable":true,"href":"https:\/\/preservonsaurons.org\/index.php\/wp-json\/wp\/v2\/categories?post=714"},{"taxonomy":"post_tag","embeddable":true,"href":"https:\/\/preservonsaurons.org\/index.php\/wp-json\/wp\/v2\/tags?post=714"}],"curies":[{"name":"wp","href":"https:\/\/api.w.org\/{rel}","templated":true}]}}